[{"@context":"https:\/\/schema.org\/","@type":"Article","@id":"https:\/\/www.felicite.cz\/zivot-na-vesnici\/#Article","mainEntityOfPage":"https:\/\/www.felicite.cz\/zivot-na-vesnici\/","headline":"\u017divot na vesnici","name":"\u017divot na vesnici","description":"Jsem opravdu moc r\u00e1da, \u017ee jsem vyr\u016fstala s rodi\u010di a sourozenci na statku. A nikdy nezapomenu na ten fakt a na tu radost, kdy\u017e jsme &hellip; ","datePublished":"2022-09-30","dateModified":"2023-08-18","author":{"@type":"Person","@id":"https:\/\/www.felicite.cz\/author\/#Person","name":"","url":"https:\/\/www.felicite.cz\/author\/","identifier":1,"image":{"@type":"ImageObject","@id":"https:\/\/secure.gravatar.com\/avatar\/b72fc1bf1bf254b4118ef99c1da35a199f5a8e7c33c2166eae92618994df57ea?s=96&d=mm&r=g","url":"https:\/\/secure.gravatar.com\/avatar\/b72fc1bf1bf254b4118ef99c1da35a199f5a8e7c33c2166eae92618994df57ea?s=96&d=mm&r=g","height":96,"width":96}},"publisher":{"@type":"Organization","name":"felicite.cz","logo":{"@type":"ImageObject","@id":"\/logo.png","url":"\/logo.png","width":600,"height":60}},"image":{"@type":"ImageObject","@id":"https:\/\/www.felicite.cz\/wp-content\/uploads\/cat-1455468_960_720_1.jpg","url":"https:\/\/www.felicite.cz\/wp-content\/uploads\/cat-1455468_960_720_1.jpg","height":0,"width":0},"url":"https:\/\/www.felicite.cz\/zivot-na-vesnici\/","about":["Zv\u00ed\u0159ata"],"wordCount":428,"articleBody":"Jsem opravdu moc r\u00e1da, \u017ee jsem vyr\u016fstala s rodi\u010di a sourozenci na statku. A nikdy nezapomenu na ten fakt a na tu radost, kdy\u017e jsme chovali s rodi\u010di a sourozenci prasata, slepice, kr\u00e1l\u00edky a taky n\u011bkolik hus, ps\u016f a ko\u010dek. Samoz\u0159ejm\u011b, \u017ee ne v\u0161echna zv\u00ed\u0159ata byla na por\u00e1\u017eku a na j\u00eddlo. Je logick\u00e9, \u017ee psi a ko\u010dky byli na na\u0161e pot\u011b\u0161en\u00ed a taky na mazlen\u00ed. A taky jsme opravdu byli r\u00e1di, kdy\u017e jsme t\u0159eba m\u011bli mal\u00e1 sel\u00e1tka, se kter\u00fdmi jsme si taky mohli hr\u00e1t. Potom jsme taky mal\u00e1 sel\u00e1tka prod\u00e1vali d\u00e1l, proto\u017ee m\u00ed rodi\u010de nechodili do pr\u00e1ce jako ostatn\u00ed lidi, proto\u017ee pracovali doma na na\u0161\u00ed farm\u011b. M\u011bli jsme tam toho opravdu hodn\u011b. A abychom nemuseli br\u00e1t \u017e\u00e1dn\u00e9 pomocn\u00edky nebo dal\u0161\u00ed zam\u011bstnance, tak rodi\u010de \u0159ekli, a \u017ee tam budou pracovat sami, abychom u\u0161et\u0159ili n\u011bjak\u00e9 pen\u00edze. J\u00e1 jsem tam taky pracovala. A pozd\u011bji, kdy\u017e jsem se ve dvaceti p\u011bti letech odst\u011bhovala za p\u0159\u00edtelem, tak jsem \u0161la bydlet do m\u011bsta. Bylo to velk\u00e9 m\u011bsto, kde jsem nemohla m\u00edt tolik zv\u00ed\u0159at, jako kdysi v rodn\u00e9m dom\u011b. A mus\u00edm se v\u00e1m p\u0159iznat, \u017ee mi to opravdu hodn\u011b chyb\u011blo a vadilo mi to.A v tom dom\u011b ve m\u011bst\u011b byl\u00a0furt\u00a0takov\u00fd klid, \u017ee m\u011b to \u00fapln\u011b rvalo srdce a\u00a0my\u0161lenkami\u00a0jsem byla doma na farm\u011b, kde bylo\u00a0plno\u00a0zv\u00ed\u0159at. Tak jsem si \u0159ekla, \u017ee to vydr\u017e\u00edm maxim\u00e1ln\u011b rok a mus\u00edm se vr\u00e1tit zp\u011bt na vesnici. A bohu\u017eel m\u016fj p\u0159\u00edtel to nezvl\u00e1dl, tak\u017ee jsme se museli rozv\u00e9st. J\u00e1 jsem se vr\u00e1tila zp\u011bt na vesnici, kde je moje m\u00edsto a kde m\u00e1m srdce. Bez zv\u00ed\u0159at prost\u011b nem\u016f\u017eu \u017e\u00edt, nec\u00edtila bych se bez zv\u00ed\u0159ete dob\u0159e. Nyn\u00ed \u017eiji s jin\u00fdm man\u017eelem na\u00a0vesnici,\u00a0a to kousek od m\u00e9ho rodn\u00e9ho domku. Jsme nadm\u00edru spokojen\u00e9. Vzala jsem si nakonec\u00a0tehdy\u00a0sv\u00e9ho\u00a0nejlep\u0161\u00edho\u00a0kamar\u00e1da\u00a0a mus\u00edm \u0159\u00edct, \u017ee n\u00e1m je\u00a0fajn. Mo\u017en\u00e1 je to i t\u00edm, \u017ee m\u00e1me\u00a0spole\u010dn\u00e9\u00a0z\u00e1liby a taky to, \u017ee oba pracujeme v zem\u011bd\u011blstv\u00ed, kde je taky plno pr\u00e1ce a\u00a0hlavn\u011b\u00a0zv\u00ed\u0159at. Ka\u017ed\u00fd \u010dlov\u011bk je\u00a0vnit\u0159n\u011b\u00a0nastaven\u00fd jinak.\u00a0                                                                                                                                                                                                                                                                                                                                                                                        3.7\/5 - (9 votes)        "},{"@context":"https:\/\/schema.org\/","@type":"BreadcrumbList","itemListElement":[{"@type":"ListItem","position":1,"name":"\u017divot na vesnici","item":"https:\/\/www.felicite.cz\/zivot-na-vesnici\/#breadcrumbitem"}]}]