[{"@context":"https:\/\/schema.org\/","@type":"Article","@id":"https:\/\/www.felicite.cz\/s-cim-si-umi-pohrat-bytovy-architekt\/#Article","mainEntityOfPage":"https:\/\/www.felicite.cz\/s-cim-si-umi-pohrat-bytovy-architekt\/","headline":"S \u010d\u00edm si um\u00ed pohr\u00e1t bytov\u00fd architekt","name":"S \u010d\u00edm si um\u00ed pohr\u00e1t bytov\u00fd architekt","description":"Porad\u00ed s rozm\u00edst\u011bn\u00edm n\u00e1bytku \u2013 typ\u016f n\u00e1bytku existuje velmi mnoho, stejn\u011b tak jejich tvar\u016f, rozm\u011br\u016f a kombinac\u00ed. Sladit n\u00e1bytek tak, aby poskytoval v\u0161e, co od &hellip; ","datePublished":"2021-07-20","dateModified":"2021-07-20","author":{"@type":"Person","@id":"https:\/\/www.felicite.cz\/author\/#Person","name":"","url":"https:\/\/www.felicite.cz\/author\/","identifier":1,"image":{"@type":"ImageObject","@id":"https:\/\/secure.gravatar.com\/avatar\/b72fc1bf1bf254b4118ef99c1da35a199f5a8e7c33c2166eae92618994df57ea?s=96&d=mm&r=g","url":"https:\/\/secure.gravatar.com\/avatar\/b72fc1bf1bf254b4118ef99c1da35a199f5a8e7c33c2166eae92618994df57ea?s=96&d=mm&r=g","height":96,"width":96}},"publisher":{"@type":"Organization","name":"felicite.cz","logo":{"@type":"ImageObject","@id":"\/logo.png","url":"\/logo.png","width":600,"height":60}},"image":{"@type":"ImageObject","@id":"https:\/\/www.felicite.cz\/wp-content\/uploads\/modern%C3%AD%20koupelna_6.jpg","url":"https:\/\/www.felicite.cz\/wp-content\/uploads\/modern%C3%AD%20koupelna_6.jpg","height":0,"width":0},"url":"https:\/\/www.felicite.cz\/s-cim-si-umi-pohrat-bytovy-architekt\/","about":["Finance"],"wordCount":418,"articleBody":"       Porad\u00ed s rozm\u00edst\u011bn\u00edm n\u00e1bytku \u2013 typ\u016f n\u00e1bytku existuje velmi mnoho, stejn\u011b tak jejich tvar\u016f, rozm\u011br\u016f a kombinac\u00ed. Sladit n\u00e1bytek tak, aby poskytoval v\u0161e, co od n\u011bj \u010dek\u00e1v\u00e1te, je pro bytov\u00e9ho architekta denn\u00edm chlebem, ov\u0161em pro nezku\u0161en\u00e9ho laika to m\u016f\u017ee znamenat slo\u017eit\u00fd r\u00e9bus. Nedostatek praxe a zku\u0161enost\u00ed s bytov\u00fdmi n\u00e1vrhy pak m\u016f\u017ee kon\u010dit t\u00edm, \u017ee se v\u00e1m nakoupen\u00fd n\u00e1bytek nebude l\u00edbit, budete vn\u00edmat, \u017ee v\u00e1m n\u011bco \u201enesed\u00ed\u201c, a\u017e se t\u0159eba rozhodnete se jej zbavit a investovat do jin\u00e9ho, tak\u017ee se podobn\u00fd koloto\u010d m\u016f\u017ee pozd\u011bji zopakovat.Navrhne vhodn\u00e9 barevn\u00e9 kombinace \u2013 vybaven\u00ed bytu mus\u00ed b\u00fdt nejen funk\u010dn\u00ed a praktick\u00e9, abyste o n\u011bj nezakop\u00e1vali, nepostr\u00e1dali \u00falo\u017en\u00fd prostor a nec\u00edtili se s n\u00edm ne\u00fatuln\u011b, mus\u00ed se v\u00e1m l\u00edbit i jeho barevn\u00e9 variace. Jak jist\u011b v\u00edte, barevn\u00e1 paleta m\u00e1 nekone\u010dn\u00fd po\u010det mo\u017enost\u00ed a vybrat tu spr\u00e1vnou, vy\u017eaduje trp\u011blivost a zku\u0161enosti. Bytov\u00fd architekt \u010di design\u00e9r by v\u00e1m m\u011bl vypracovat n\u011bkolik n\u00e1vrh\u016f a p\u0159edv\u00e9st je v 3D modelu tak, abyste si dok\u00e1zali p\u0159edstavit tam b\u00fdt a tr\u00e1vit voln\u00fd \u010di pracovn\u00ed \u010das. Barvy jednotliv\u00fdch prvk\u016f mohou navz\u00e1jem kontrastovat nebo naopak ladit ve shodn\u00e9m odst\u00ednu, d\u016fle\u017eitou roli tak\u00e9 hraje mno\u017estv\u00ed sv\u011btla denn\u00edho i um\u011bl\u00e9ho, rozm\u00edst\u011bn\u00ed oken a dve\u0159\u00ed, schodi\u0161t\u011b a orientace dle sv\u011btov\u00fdch stran.V\u011bnujte pozornost i osv\u011btlovac\u00edm t\u011bles\u016fm \u2013 hra se sv\u011btly v\u00e1s dok\u00e1\u017ee p\u0159esv\u011bd\u010dit o tom, \u017ee se budete v obytn\u00e9m prostoru c\u00edtit velmi p\u0159\u00edjemn\u011b, kdy\u017e se jim v\u00edce otev\u0159ete. S\u00e1z\u00edte-li na jeden centr\u00e1ln\u00ed lustr, jak se to d\u011bl\u00e1valo d\u0159\u00edve v ka\u017ed\u00e9m byt\u011b, pak nebudete moci vyu\u017e\u00edt efekty a f\u00edgle, s nimi\u017e design\u00e9\u0159i b\u011b\u017en\u011b pracuj\u00ed. Osv\u011btlovac\u00edch t\u011bles by m\u011blo b\u00fdt v obytn\u00e9m prostoru rozm\u00edst\u011bno v\u00edce, co\u017e ov\u0161em neznamen\u00e1, \u017ee to budou ne\u00fasporn\u00e9 zdroje. Sta\u010d\u00ed jen v\u011bd\u011bt, kam a jak\u00e9 sv\u00edtidlo nainstalovat, kam um\u00edstit stm\u00edvateln\u00e9 \u017e\u00e1rovky, kam d\u00e1t teplou \u010di studenou b\u00edlou, zda vyu\u017e\u00edt barevn\u00e1 osv\u011btlen\u00ed atp.                                                                                                                                                                                                                                                                                                                                                                                          4.3\/5 - (3 votes)        "},{"@context":"https:\/\/schema.org\/","@type":"BreadcrumbList","itemListElement":[{"@type":"ListItem","position":1,"name":"S \u010d\u00edm si um\u00ed pohr\u00e1t bytov\u00fd architekt","item":"https:\/\/www.felicite.cz\/s-cim-si-umi-pohrat-bytovy-architekt\/#breadcrumbitem"}]}]