[{"@context":"https:\/\/schema.org\/","@type":"Article","@id":"https:\/\/www.felicite.cz\/pripada-vam-ze-jste-neustale-unavena-a-nevite-co-s-tim-my-vam-pomuzeme\/#Article","mainEntityOfPage":"https:\/\/www.felicite.cz\/pripada-vam-ze-jste-neustale-unavena-a-nevite-co-s-tim-my-vam-pomuzeme\/","headline":"P\u0159ipad\u00e1 v\u00e1m, \u017ee jste neust\u00e1le unaven\u00e1 a nev\u00edte co s t\u00edm? My v\u00e1m pom\u016f\u017eeme","name":"P\u0159ipad\u00e1 v\u00e1m, \u017ee jste neust\u00e1le unaven\u00e1 a nev\u00edte co s t\u00edm? My v\u00e1m pom\u016f\u017eeme","description":"\u00danava v\u00e1s tr\u00e1p\u00ed dnem i noc\u00ed, ale i kdy\u017e sp\u00edte n\u011bkolik hodin denn\u011b, c\u00edt\u00edte se po\u0159\u00e1d bez el\u00e1nu a u\u017e nev\u00edte, \u010d\u00edm by to mohlo &hellip; ","datePublished":"2025-04-26","dateModified":"2025-04-26","author":{"@type":"Person","@id":"https:\/\/www.felicite.cz\/author\/#Person","name":"","url":"https:\/\/www.felicite.cz\/author\/","identifier":1,"image":{"@type":"ImageObject","@id":"https:\/\/secure.gravatar.com\/avatar\/b72fc1bf1bf254b4118ef99c1da35a199f5a8e7c33c2166eae92618994df57ea?s=96&d=mm&r=g","url":"https:\/\/secure.gravatar.com\/avatar\/b72fc1bf1bf254b4118ef99c1da35a199f5a8e7c33c2166eae92618994df57ea?s=96&d=mm&r=g","height":96,"width":96}},"publisher":{"@type":"Organization","name":"felicite.cz","logo":{"@type":"ImageObject","@id":"\/logo.png","url":"\/logo.png","width":600,"height":60}},"url":"https:\/\/www.felicite.cz\/pripada-vam-ze-jste-neustale-unavena-a-nevite-co-s-tim-my-vam-pomuzeme\/","wordCount":166,"articleBody":"\u00danava v\u00e1s tr\u00e1p\u00ed dnem i noc\u00ed, ale i kdy\u017e sp\u00edte n\u011bkolik hodin denn\u011b, c\u00edt\u00edte se po\u0159\u00e1d bez el\u00e1nu a u\u017e nev\u00edte, \u010d\u00edm by to mohlo b\u00fdt, My to v\u00edme, m\u016f\u017ee za to obdob\u00ed klimakteria, kter\u00e9 ni\u010d\u00ed cel\u00fd v\u00e1\u0161 dosavadn\u00ed \u017eivot. Nenechte si vz\u00edt sv\u016fj \u017eivot t\u00edmto t\u011b\u017ek\u00fdm obdob\u00edm a rad\u011bji vyu\u017eijte na\u0161e p\u0159\u00edpravky pro svoji spokojenost. Uvid\u00edte, \u017ee \u00fanava v\u00e1s u\u017e tr\u00e1pit nebude. Nehledejte pr\u00e1\u0161ky, kter\u00e9 v\u00e1m pom\u016f\u017eou. Pr\u00e1v\u011b jste je na\u0161la Na obdob\u00ed klimakteria jste u\u017e vyzkou\u0161ela spoustu pr\u00e1\u0161k\u016f, ale nic v\u00e1m nepomohlo tak, jak byste si p\u0159edstavovala a nev\u00edte, kde hledat d\u00e1l? Je to tak jednoduch\u00e9. My nab\u00edz\u00edme opravdovou kvalitu v podob\u011b p\u0159\u00edrodn\u00edch prepar\u00e1t\u016f, kter\u00e9 zm\u011bn\u00ed v\u00e1\u0161 \u017eivot od z\u00e1kladu. P\u0159esta\u0148te hledat to, co jste pr\u00e1v\u011b na\u0161la.                                                                                                                                                                                                                                                                                                                                                                                                "},{"@context":"https:\/\/schema.org\/","@type":"BreadcrumbList","itemListElement":[{"@type":"ListItem","position":1,"name":"P\u0159ipad\u00e1 v\u00e1m, \u017ee jste neust\u00e1le unaven\u00e1 a nev\u00edte co s t\u00edm? My v\u00e1m pom\u016f\u017eeme","item":"https:\/\/www.felicite.cz\/pripada-vam-ze-jste-neustale-unavena-a-nevite-co-s-tim-my-vam-pomuzeme\/#breadcrumbitem"}]}]