[{"@context":"https:\/\/schema.org\/","@type":"Article","@id":"https:\/\/www.felicite.cz\/co-prozradi-dreveny-metr-pro-deti-poveseny-na-zdi\/#Article","mainEntityOfPage":"https:\/\/www.felicite.cz\/co-prozradi-dreveny-metr-pro-deti-poveseny-na-zdi\/","headline":"Co prozrad\u00ed d\u0159ev\u011bn\u00fd metr pro d\u011bti pov\u011b\u0161en\u00fd na zdi","name":"Co prozrad\u00ed d\u0159ev\u011bn\u00fd metr pro d\u011bti pov\u011b\u0161en\u00fd na zdi","description":"Nostalgie z\u00e1znam\u016f t\u011blesn\u00e9 v\u00fd\u0161ky Zaznamen\u00e1v\u00e1n\u00ed v\u00fd\u0161ky t\u011blesn\u00e9ho vzr\u016fstu m\u016f\u017ee p\u0159in\u00e1\u0161et zaj\u00edmav\u00e9 vzpom\u00ednky a ohl\u00e9dnut\u00ed za pro\u017eit\u00fdm obdob\u00edm. Je to n\u011bco podobn\u00e9ho, jako prohl\u00ed\u017een\u00ed fotografi\u00ed v &hellip; ","datePublished":"2021-06-05","dateModified":"2021-06-05","author":{"@type":"Person","@id":"https:\/\/www.felicite.cz\/author\/#Person","name":"","url":"https:\/\/www.felicite.cz\/author\/","identifier":1,"image":{"@type":"ImageObject","@id":"https:\/\/secure.gravatar.com\/avatar\/b72fc1bf1bf254b4118ef99c1da35a199f5a8e7c33c2166eae92618994df57ea?s=96&d=mm&r=g","url":"https:\/\/secure.gravatar.com\/avatar\/b72fc1bf1bf254b4118ef99c1da35a199f5a8e7c33c2166eae92618994df57ea?s=96&d=mm&r=g","height":96,"width":96}},"publisher":{"@type":"Organization","name":"felicite.cz","logo":{"@type":"ImageObject","@id":"\/logo.png","url":"\/logo.png","width":600,"height":60}},"image":{"@type":"ImageObject","@id":"https:\/\/www.felicite.cz\/wp-content\/uploads\/d%C4%9Btsk%C3%BD%20pokoj.JPG","url":"https:\/\/www.felicite.cz\/wp-content\/uploads\/d%C4%9Btsk%C3%BD%20pokoj.JPG","height":0,"width":0},"url":"https:\/\/www.felicite.cz\/co-prozradi-dreveny-metr-pro-deti-poveseny-na-zdi\/","about":["N\u00e1kupy"],"wordCount":440,"articleBody":"       Nostalgie z\u00e1znam\u016f t\u011blesn\u00e9 v\u00fd\u0161kyZaznamen\u00e1v\u00e1n\u00ed v\u00fd\u0161ky t\u011blesn\u00e9ho vzr\u016fstu m\u016f\u017ee p\u0159in\u00e1\u0161et zaj\u00edmav\u00e9 vzpom\u00ednky a ohl\u00e9dnut\u00ed za pro\u017eit\u00fdm obdob\u00edm. Je to n\u011bco podobn\u00e9ho, jako prohl\u00ed\u017een\u00ed fotografi\u00ed v rodinn\u00e9m albu. Kdy\u017e se zad\u00edv\u00e1te na ze\u010f nebo na dve\u0159n\u00ed futra, kde v pr\u016fb\u011bhu \u010dasu zapisujete tu\u017ekou rysky s jednotliv\u00fdmi daty, je to n\u011bco, jako z\u00e1pis v historick\u00e9 kronice, jak to prov\u00e1d\u011bli st\u0159edov\u011bc\u00ed archiv\u00e1\u0159i.M\u016f\u017eete k tomu vyu\u017e\u00edt i d\u0159ev\u011bn\u00fd metr pro d\u011bti a vedle n\u011bj malovat na ze\u010f dosa\u017eenou v\u00fd\u0161ku, porovn\u00e1vat ji s ostatn\u00edmi sourozenci nebo s kamar\u00e1dy a vrstevn\u00edky va\u0161ich ratolest\u00ed, co\u017e m\u016f\u017ee b\u00fdt docela z\u00e1bavn\u00e1 \u010dinnost, kter\u00e1 obohat\u00ed celou va\u0161\u00ed rodinu. Ke ka\u017ed\u00e9 nam\u011b\u0159en\u00e9 hodnot\u011b m\u016f\u017eete p\u0159imalovat n\u011bjak\u00fd obr\u00e1zek zv\u00ed\u0159\u00e1tka nebo rostliny a nezapome\u0148te uv\u00e9st p\u0159esn\u00e9 datum.M\u011b\u0159en\u00ed v\u00fd\u0161ky va\u0161ich d\u011bt\u00ed se zaznamenan\u00fdmi ryskami na zdi m\u016f\u017eete zpest\u0159it m\u011b\u0159en\u00edm velikosti chodidla, kter\u00e9 snadno odm\u011b\u0159\u00edte vle\u017ee na zemi s nohou op\u0159enou o ze\u010f. Budete tak m\u00edt p\u0159esnou p\u0159edstavu o tom, jak se m\u011bn\u00ed i velikost obuvi a jak\u00fdm tempem ke zm\u011bn\u00e1m doch\u00e1z\u00ed. Jak vysok\u00e9 bude va\u0161e d\u00edt\u011b v dosp\u011blostiZaj\u00edm\u00e1 v\u00e1s, jak asi bude vysok\u00e9 va\u0161e d\u00edt\u011b, a\u017e dos\u00e1hne plnoletosti? Existuje na to p\u0159ibli\u017en\u00fd v\u00fdpo\u010det podle jednoduch\u00fdch pravidel. Do m\u00edst, kam zaznamen\u00e1v\u00e1te na zdi v\u00fd\u0161ku d\u00edt\u011bte, si zakreslete p\u0159esnou v\u00fd\u0161ku jeho otce a jeho matky a zapi\u0161te hodnoty v centimetrech. Ob\u011b hodnoty pak se\u010dt\u011bte. Jedn\u00e1-li se o chlapce, p\u0159i\u010dt\u011bte 13 cm, jedn\u00e1-li se o d\u00edvku, ode\u010dt\u011bte 13 cm. V\u00fdsledek pak vyd\u011blte dv\u011bma a zde se bude nach\u00e1zet st\u0159edn\u00ed pr\u016fm\u011brn\u00e1 hodnota v\u00fd\u0161ky va\u0161eho d\u00edt\u011bte v dosp\u011blosti. Ta by se m\u011bla pohybovat s velkou pravd\u011bpodobnost\u00ed (a\u017e 95 procent) v rozmez\u00ed plus m\u00ednus 8 a p\u016fl centimetru.Tento v\u00fdpo\u010det pou\u017e\u00edvaj\u00ed mnoz\u00ed l\u00e9ka\u0159i a je odvozen od statisticky nam\u011b\u0159en\u00fdch hodnot, podle n\u011bj se pr\u00fd tak\u00e9 d\u00e1 odvodit v\u00fdskyt n\u011bjak\u00fdch r\u016fstov\u00fdch anom\u00e1li\u00ed v obou sm\u011brech \u2013 do p\u0159\u00edli\u0161 mal\u00e9ho nebo velk\u00e9ho vzr\u016fstu.                                                                                                                                                                                                                                                                                                                                                                                          5\/5 - (2 votes)        "},{"@context":"https:\/\/schema.org\/","@type":"BreadcrumbList","itemListElement":[{"@type":"ListItem","position":1,"name":"Co prozrad\u00ed d\u0159ev\u011bn\u00fd metr pro d\u011bti pov\u011b\u0161en\u00fd na zdi","item":"https:\/\/www.felicite.cz\/co-prozradi-dreveny-metr-pro-deti-poveseny-na-zdi\/#breadcrumbitem"}]}]